{"id":7691,"date":"2024-06-10T17:00:54","date_gmt":"2024-06-10T17:00:54","guid":{"rendered":"https:\/\/thenewsnow.org\/?p=7691"},"modified":"2024-06-10T17:00:54","modified_gmt":"2024-06-10T17:00:54","slug":"ogun-holds-democracy-day-with-special-prayer-commemorative-lecture","status":"publish","type":"post","link":"https:\/\/thenewsnow.org\/index.php\/2024\/06\/10\/ogun-holds-democracy-day-with-special-prayer-commemorative-lecture\/","title":{"rendered":"Ogun Holds Democracy Day With Special Prayer, Commemorative Lecture"},"content":{"rendered":"<p>The Ogun State Government has lined up activities to mark this year&#8217;s Democracy Day on Wednesday, June 12.<\/p>\n<p>A statement by the Secretary to the State Governnment (SSG), Mr. Tokunbo Talabi said that a special memorial prayer will hold at the family house of the late Chief Moshood Kashimawo Olawale Abiola at \u1eccja Agbo, Gb\u00e1g\u00f9r\u00e1, Abeokuta by 8:00 am.<\/p>\n<p>This will be followed by a commemorative lecture with the theme: &#8220;June 12 Defining Moment in The Democratic Development in Nigeria&#8221; to be delivered by a Public Affairs Analyst, Mr. Richard Akinnola, beginning from 10: 00 am. at the Hubert Ogunde Hall, June 12 Cultural Centre Kuto, Abeokuta.<\/p>\n<p>The statement urged invited guests to be seated by 9:30 am.<\/p>\n","protected":false},"excerpt":{"rendered":"<p>The Ogun State Government has lined up activities to mark this year&#8217;s Democracy Day on Wednesday, June 12. A statement<\/p>\n","protected":false},"author":1,"featured_media":0,"comment_status":"open","ping_status":"open","sticky":false,"template":"","format":"standard","meta":{"_mi_skip_tracking":false,"footnotes":""},"categories":[11],"tags":[],"class_list":["post-7691","post","type-post","status-publish","format-standard","hentry","category-from-the-grassroots"],"_links":{"self":[{"href":"https:\/\/thenewsnow.org\/index.php\/wp-json\/wp\/v2\/posts\/7691","targetHints":{"allow":["GET"]}}],"collection":[{"href":"https:\/\/thenewsnow.org\/index.php\/wp-json\/wp\/v2\/posts"}],"about":[{"href":"https:\/\/thenewsnow.org\/index.php\/wp-json\/wp\/v2\/types\/post"}],"author":[{"embeddable":true,"href":"https:\/\/thenewsnow.org\/index.php\/wp-json\/wp\/v2\/users\/1"}],"replies":[{"embeddable":true,"href":"https:\/\/thenewsnow.org\/index.php\/wp-json\/wp\/v2\/comments?post=7691"}],"version-history":[{"count":1,"href":"https:\/\/thenewsnow.org\/index.php\/wp-json\/wp\/v2\/posts\/7691\/revisions"}],"predecessor-version":[{"id":7692,"href":"https:\/\/thenewsnow.org\/index.php\/wp-json\/wp\/v2\/posts\/7691\/revisions\/7692"}],"wp:attachment":[{"href":"https:\/\/thenewsnow.org\/index.php\/wp-json\/wp\/v2\/media?parent=7691"}],"wp:term":[{"taxonomy":"category","embeddable":true,"href":"https:\/\/thenewsnow.org\/index.php\/wp-json\/wp\/v2\/categories?post=7691"},{"taxonomy":"post_tag","embeddable":true,"href":"https:\/\/thenewsnow.org\/index.php\/wp-json\/wp\/v2\/tags?post=7691"}],"curies":[{"name":"wp","href":"https:\/\/api.w.org\/{rel}","templated":true}]}}